{"id":3978,"date":"2026-04-28T19:08:43","date_gmt":"2026-04-28T17:08:43","guid":{"rendered":"https:\/\/ecolesteanne-sainteannedauray.fr\/?p=3978"},"modified":"2026-04-28T19:08:44","modified_gmt":"2026-04-28T17:08:44","slug":"les-ce1-ce2-et-paques","status":"publish","type":"post","link":"https:\/\/ecolesteanne-sainteannedauray.fr\/index.php\/2026\/04\/28\/les-ce1-ce2-et-paques\/","title":{"rendered":"Les CE1\/CE2 et P\u00e2ques"},"content":{"rendered":"\n<p>Pour se pr\u00e9parer \u00e0 P\u00e2ques, nous avons d\u00e9couvert les 14 stations du chemin de croix du cloitre puis particip\u00e9 ( la classe au grand complet!) au repas partage pour aider au mieux Emy. <\/p>\n\n\n\n<p>Enfin le jeudi de P\u00e2ques, nous avons rejoint toute l&rsquo;\u00e9cole pour une c\u00e9l\u00e9bration \u00e0 la Basilique. <\/p>\n\n\n\n<figure class=\"wp-block-gallery has-nested-images columns-default is-cropped wp-block-gallery-1 is-layout-flex wp-block-gallery-is-layout-flex\">\n<figure class=\"wp-block-image size-large\"><img fetchpriority=\"high\" decoding=\"async\" width=\"606\" height=\"700\" data-id=\"3979\" src=\"https:\/\/ecolesteanne-sainteannedauray.fr\/wp-content\/uploads\/2026\/04\/Capture-decran-2026-04-16-213045.jpg\" alt=\"\" class=\"wp-image-3979\" srcset=\"https:\/\/ecolesteanne-sainteannedauray.fr\/wp-content\/uploads\/2026\/04\/Capture-decran-2026-04-16-213045.jpg 606w, https:\/\/ecolesteanne-sainteannedauray.fr\/wp-content\/uploads\/2026\/04\/Capture-decran-2026-04-16-213045-260x300.jpg 260w\" sizes=\"(max-width: 606px) 100vw, 606px\" \/><\/figure>\n\n\n\n<figure class=\"wp-block-image size-large\"><img decoding=\"async\" width=\"880\" height=\"765\" data-id=\"3982\" src=\"https:\/\/ecolesteanne-sainteannedauray.fr\/wp-content\/uploads\/2026\/04\/Capture-decran-2026-04-16-213143.jpg\" alt=\"\" class=\"wp-image-3982\" srcset=\"https:\/\/ecolesteanne-sainteannedauray.fr\/wp-content\/uploads\/2026\/04\/Capture-decran-2026-04-16-213143.jpg 880w, https:\/\/ecolesteanne-sainteannedauray.fr\/wp-content\/uploads\/2026\/04\/Capture-decran-2026-04-16-213143-300x261.jpg 300w, https:\/\/ecolesteanne-sainteannedauray.fr\/wp-content\/uploads\/2026\/04\/Capture-decran-2026-04-16-213143-768x668.jpg 768w\" sizes=\"(max-width: 880px) 100vw, 880px\" \/><\/figure>\n\n\n\n<figure class=\"wp-block-image size-large\"><img decoding=\"async\" width=\"1024\" height=\"655\" data-id=\"3983\" src=\"https:\/\/ecolesteanne-sainteannedauray.fr\/wp-content\/uploads\/2026\/04\/Capture-decran-2026-04-16-213210-1024x655.jpg\" alt=\"\" class=\"wp-image-3983\" srcset=\"https:\/\/ecolesteanne-sainteannedauray.fr\/wp-content\/uploads\/2026\/04\/Capture-decran-2026-04-16-213210-1024x655.jpg 1024w, https:\/\/ecolesteanne-sainteannedauray.fr\/wp-content\/uploads\/2026\/04\/Capture-decran-2026-04-16-213210-300x192.jpg 300w, https:\/\/ecolesteanne-sainteannedauray.fr\/wp-content\/uploads\/2026\/04\/Capture-decran-2026-04-16-213210-768x491.jpg 768w, https:\/\/ecolesteanne-sainteannedauray.fr\/wp-content\/uploads\/2026\/04\/Capture-decran-2026-04-16-213210.jpg 1062w\" sizes=\"(max-width: 1024px) 100vw, 1024px\" \/><\/figure>\n\n\n\n<figure class=\"wp-block-image size-large\"><img loading=\"lazy\" decoding=\"async\" width=\"868\" height=\"601\" data-id=\"3981\" src=\"https:\/\/ecolesteanne-sainteannedauray.fr\/wp-content\/uploads\/2026\/04\/Capture-decran-2026-04-16-213245.jpg\" alt=\"\" class=\"wp-image-3981\" srcset=\"https:\/\/ecolesteanne-sainteannedauray.fr\/wp-content\/uploads\/2026\/04\/Capture-decran-2026-04-16-213245.jpg 868w, https:\/\/ecolesteanne-sainteannedauray.fr\/wp-content\/uploads\/2026\/04\/Capture-decran-2026-04-16-213245-300x208.jpg 300w, https:\/\/ecolesteanne-sainteannedauray.fr\/wp-content\/uploads\/2026\/04\/Capture-decran-2026-04-16-213245-768x532.jpg 768w\" sizes=\"(max-width: 868px) 100vw, 868px\" \/><\/figure>\n\n\n\n<figure class=\"wp-block-image size-large\"><img loading=\"lazy\" decoding=\"async\" width=\"1024\" height=\"722\" data-id=\"3984\" src=\"https:\/\/ecolesteanne-sainteannedauray.fr\/wp-content\/uploads\/2026\/04\/Capture-decran-2026-04-16-213314-1024x722.jpg\" alt=\"\" class=\"wp-image-3984\" srcset=\"https:\/\/ecolesteanne-sainteannedauray.fr\/wp-content\/uploads\/2026\/04\/Capture-decran-2026-04-16-213314-1024x722.jpg 1024w, https:\/\/ecolesteanne-sainteannedauray.fr\/wp-content\/uploads\/2026\/04\/Capture-decran-2026-04-16-213314-300x211.jpg 300w, https:\/\/ecolesteanne-sainteannedauray.fr\/wp-content\/uploads\/2026\/04\/Capture-decran-2026-04-16-213314-768x541.jpg 768w, https:\/\/ecolesteanne-sainteannedauray.fr\/wp-content\/uploads\/2026\/04\/Capture-decran-2026-04-16-213314.jpg 1044w\" sizes=\"(max-width: 1024px) 100vw, 1024px\" \/><\/figure>\n\n\n\n<figure class=\"wp-block-image size-large\"><img loading=\"lazy\" decoding=\"async\" width=\"1024\" height=\"615\" data-id=\"3985\" src=\"https:\/\/ecolesteanne-sainteannedauray.fr\/wp-content\/uploads\/2026\/04\/Capture-decran-2026-04-16-213404-1024x615.jpg\" alt=\"\" class=\"wp-image-3985\" srcset=\"https:\/\/ecolesteanne-sainteannedauray.fr\/wp-content\/uploads\/2026\/04\/Capture-decran-2026-04-16-213404-1024x615.jpg 1024w, https:\/\/ecolesteanne-sainteannedauray.fr\/wp-content\/uploads\/2026\/04\/Capture-decran-2026-04-16-213404-300x180.jpg 300w, https:\/\/ecolesteanne-sainteannedauray.fr\/wp-content\/uploads\/2026\/04\/Capture-decran-2026-04-16-213404-768x461.jpg 768w, https:\/\/ecolesteanne-sainteannedauray.fr\/wp-content\/uploads\/2026\/04\/Capture-decran-2026-04-16-213404.jpg 1116w\" sizes=\"(max-width: 1024px) 100vw, 1024px\" \/><\/figure>\n\n\n\n<figure class=\"wp-block-image size-large\"><img loading=\"lazy\" decoding=\"async\" width=\"1024\" height=\"698\" data-id=\"3986\" src=\"https:\/\/ecolesteanne-sainteannedauray.fr\/wp-content\/uploads\/2026\/04\/Capture-decran-2026-04-16-213449-1024x698.jpg\" alt=\"\" class=\"wp-image-3986\" srcset=\"https:\/\/ecolesteanne-sainteannedauray.fr\/wp-content\/uploads\/2026\/04\/Capture-decran-2026-04-16-213449-1024x698.jpg 1024w, https:\/\/ecolesteanne-sainteannedauray.fr\/wp-content\/uploads\/2026\/04\/Capture-decran-2026-04-16-213449-300x205.jpg 300w, https:\/\/ecolesteanne-sainteannedauray.fr\/wp-content\/uploads\/2026\/04\/Capture-decran-2026-04-16-213449-768x524.jpg 768w, https:\/\/ecolesteanne-sainteannedauray.fr\/wp-content\/uploads\/2026\/04\/Capture-decran-2026-04-16-213449.jpg 1123w\" sizes=\"(max-width: 1024px) 100vw, 1024px\" \/><\/figure>\n\n\n\n<figure class=\"wp-block-image size-large\"><img loading=\"lazy\" decoding=\"async\" width=\"1024\" height=\"545\" data-id=\"3980\" src=\"https:\/\/ecolesteanne-sainteannedauray.fr\/wp-content\/uploads\/2026\/04\/Capture-decran-2026-04-16-213523-1024x545.jpg\" alt=\"\" class=\"wp-image-3980\" srcset=\"https:\/\/ecolesteanne-sainteannedauray.fr\/wp-content\/uploads\/2026\/04\/Capture-decran-2026-04-16-213523-1024x545.jpg 1024w, https:\/\/ecolesteanne-sainteannedauray.fr\/wp-content\/uploads\/2026\/04\/Capture-decran-2026-04-16-213523-300x160.jpg 300w, https:\/\/ecolesteanne-sainteannedauray.fr\/wp-content\/uploads\/2026\/04\/Capture-decran-2026-04-16-213523-768x409.jpg 768w, https:\/\/ecolesteanne-sainteannedauray.fr\/wp-content\/uploads\/2026\/04\/Capture-decran-2026-04-16-213523.jpg 1099w\" sizes=\"(max-width: 1024px) 100vw, 1024px\" \/><\/figure>\n<\/figure>\n\n\n\n<figure class=\"wp-block-gallery has-nested-images columns-default is-cropped wp-block-gallery-2 is-layout-flex wp-block-gallery-is-layout-flex\">\n<figure class=\"wp-block-image size-large\"><img loading=\"lazy\" decoding=\"async\" width=\"619\" height=\"714\" data-id=\"3987\" src=\"https:\/\/ecolesteanne-sainteannedauray.fr\/wp-content\/uploads\/2026\/04\/Capture-decran-2026-04-16-213551.jpg\" alt=\"\" class=\"wp-image-3987\" srcset=\"https:\/\/ecolesteanne-sainteannedauray.fr\/wp-content\/uploads\/2026\/04\/Capture-decran-2026-04-16-213551.jpg 619w, https:\/\/ecolesteanne-sainteannedauray.fr\/wp-content\/uploads\/2026\/04\/Capture-decran-2026-04-16-213551-260x300.jpg 260w\" sizes=\"(max-width: 619px) 100vw, 619px\" \/><\/figure>\n\n\n\n<figure class=\"wp-block-image size-large\"><img loading=\"lazy\" decoding=\"async\" width=\"612\" height=\"697\" data-id=\"3988\" src=\"https:\/\/ecolesteanne-sainteannedauray.fr\/wp-content\/uploads\/2026\/04\/Capture-decran-2026-04-16-213616.jpg\" alt=\"\" class=\"wp-image-3988\" srcset=\"https:\/\/ecolesteanne-sainteannedauray.fr\/wp-content\/uploads\/2026\/04\/Capture-decran-2026-04-16-213616.jpg 612w, https:\/\/ecolesteanne-sainteannedauray.fr\/wp-content\/uploads\/2026\/04\/Capture-decran-2026-04-16-213616-263x300.jpg 263w\" sizes=\"(max-width: 612px) 100vw, 612px\" \/><\/figure>\n\n\n\n<figure class=\"wp-block-image size-large\"><img loading=\"lazy\" decoding=\"async\" width=\"604\" height=\"747\" data-id=\"3989\" src=\"https:\/\/ecolesteanne-sainteannedauray.fr\/wp-content\/uploads\/2026\/04\/Capture-decran-2026-04-16-213642.jpg\" alt=\"\" class=\"wp-image-3989\" srcset=\"https:\/\/ecolesteanne-sainteannedauray.fr\/wp-content\/uploads\/2026\/04\/Capture-decran-2026-04-16-213642.jpg 604w, https:\/\/ecolesteanne-sainteannedauray.fr\/wp-content\/uploads\/2026\/04\/Capture-decran-2026-04-16-213642-243x300.jpg 243w\" sizes=\"(max-width: 604px) 100vw, 604px\" \/><\/figure>\n<\/figure>\n","protected":false},"excerpt":{"rendered":"<p>Pour se pr\u00e9parer \u00e0 P\u00e2ques, nous avons d\u00e9couvert les 14 stations du chemin de croix du cloitre puis particip\u00e9 ( la classe au grand complet!) au repas partage pour aider au mieux Emy. Enfin le jeudi de P\u00e2ques, nous avons rejoint toute l&rsquo;\u00e9cole pour une c\u00e9l\u00e9bration \u00e0 la Basilique.<\/p>\n","protected":false},"author":2,"featured_media":0,"comment_status":"closed","ping_status":"closed","sticky":false,"template":"","format":"standard","meta":{"neve_meta_sidebar":"","neve_meta_container":"","neve_meta_enable_content_width":"","neve_meta_content_width":0,"neve_meta_title_alignment":"","neve_meta_author_avatar":"","neve_post_elements_order":"","neve_meta_disable_header":"","neve_meta_disable_footer":"","neve_meta_disable_title":"","footnotes":""},"categories":[9,4,1],"tags":[],"class_list":["post-3978","post","type-post","status-publish","format-standard","hentry","category-ce1","category-les-classes","category-non-classe"],"yoast_head":"<!-- This site is optimized with the Yoast SEO plugin v27.5 - https:\/\/yoast.com\/product\/yoast-seo-wordpress\/ -->\n<title>Les CE1\/CE2 et P\u00e2ques - Ecole Sainte Anne d&#039;Auray<\/title>\n<meta name=\"robots\" content=\"index, follow, max-snippet:-1, max-image-preview:large, max-video-preview:-1\" \/>\n<link rel=\"canonical\" href=\"https:\/\/ecolesteanne-sainteannedauray.fr\/index.php\/2026\/04\/28\/les-ce1-ce2-et-paques\/\" \/>\n<meta property=\"og:locale\" content=\"fr_FR\" \/>\n<meta property=\"og:type\" content=\"article\" \/>\n<meta property=\"og:title\" content=\"Les CE1\/CE2 et P\u00e2ques - Ecole Sainte Anne d&#039;Auray\" \/>\n<meta property=\"og:description\" content=\"Pour se pr\u00e9parer \u00e0 P\u00e2ques, nous avons d\u00e9couvert les 14 stations du chemin de croix du cloitre puis particip\u00e9 ( la classe au grand complet!) au repas partage pour aider au mieux Emy. Enfin le jeudi de P\u00e2ques, nous avons rejoint toute l&rsquo;\u00e9cole pour une c\u00e9l\u00e9bration \u00e0 la Basilique.\" \/>\n<meta property=\"og:url\" content=\"https:\/\/ecolesteanne-sainteannedauray.fr\/index.php\/2026\/04\/28\/les-ce1-ce2-et-paques\/\" \/>\n<meta property=\"og:site_name\" content=\"Ecole Sainte Anne d&#039;Auray\" \/>\n<meta property=\"article:published_time\" content=\"2026-04-28T17:08:43+00:00\" \/>\n<meta property=\"article:modified_time\" content=\"2026-04-28T17:08:44+00:00\" \/>\n<meta property=\"og:image\" content=\"https:\/\/ecolesteanne-sainteannedauray.fr\/wp-content\/uploads\/2026\/04\/Capture-decran-2026-04-16-213045.jpg\" \/>\n\t<meta property=\"og:image:width\" content=\"606\" \/>\n\t<meta property=\"og:image:height\" content=\"700\" \/>\n\t<meta property=\"og:image:type\" content=\"image\/jpeg\" \/>\n<meta name=\"author\" content=\"Ste.Anne\" \/>\n<meta name=\"twitter:card\" content=\"summary_large_image\" \/>\n<meta name=\"twitter:label1\" content=\"\u00c9crit par\" \/>\n\t<meta name=\"twitter:data1\" content=\"Ste.Anne\" \/>\n\t<meta name=\"twitter:label2\" content=\"Dur\u00e9e de lecture estim\u00e9e\" \/>\n\t<meta name=\"twitter:data2\" content=\"3 minutes\" \/>\n<script type=\"application\/ld+json\" class=\"yoast-schema-graph\">{\"@context\":\"https:\\\/\\\/schema.org\",\"@graph\":[{\"@type\":\"Article\",\"@id\":\"https:\\\/\\\/ecolesteanne-sainteannedauray.fr\\\/index.php\\\/2026\\\/04\\\/28\\\/les-ce1-ce2-et-paques\\\/#article\",\"isPartOf\":{\"@id\":\"https:\\\/\\\/ecolesteanne-sainteannedauray.fr\\\/index.php\\\/2026\\\/04\\\/28\\\/les-ce1-ce2-et-paques\\\/\"},\"author\":{\"name\":\"Ste.Anne\",\"@id\":\"https:\\\/\\\/ecolesteanne-sainteannedauray.fr\\\/#\\\/schema\\\/person\\\/ec8a5f89d57f958131cc327ef73de19d\"},\"headline\":\"Les CE1\\\/CE2 et P\u00e2ques\",\"datePublished\":\"2026-04-28T17:08:43+00:00\",\"dateModified\":\"2026-04-28T17:08:44+00:00\",\"mainEntityOfPage\":{\"@id\":\"https:\\\/\\\/ecolesteanne-sainteannedauray.fr\\\/index.php\\\/2026\\\/04\\\/28\\\/les-ce1-ce2-et-paques\\\/\"},\"wordCount\":58,\"publisher\":{\"@id\":\"https:\\\/\\\/ecolesteanne-sainteannedauray.fr\\\/#organization\"},\"image\":{\"@id\":\"https:\\\/\\\/ecolesteanne-sainteannedauray.fr\\\/index.php\\\/2026\\\/04\\\/28\\\/les-ce1-ce2-et-paques\\\/#primaryimage\"},\"thumbnailUrl\":\"https:\\\/\\\/ecolesteanne-sainteannedauray.fr\\\/wp-content\\\/uploads\\\/2026\\\/04\\\/Capture-decran-2026-04-16-213045.jpg\",\"articleSection\":[\"CE1 - CE2\",\"Les classes\"],\"inLanguage\":\"fr-FR\"},{\"@type\":\"WebPage\",\"@id\":\"https:\\\/\\\/ecolesteanne-sainteannedauray.fr\\\/index.php\\\/2026\\\/04\\\/28\\\/les-ce1-ce2-et-paques\\\/\",\"url\":\"https:\\\/\\\/ecolesteanne-sainteannedauray.fr\\\/index.php\\\/2026\\\/04\\\/28\\\/les-ce1-ce2-et-paques\\\/\",\"name\":\"Les CE1\\\/CE2 et P\u00e2ques - Ecole Sainte Anne d&#039;Auray\",\"isPartOf\":{\"@id\":\"https:\\\/\\\/ecolesteanne-sainteannedauray.fr\\\/#website\"},\"primaryImageOfPage\":{\"@id\":\"https:\\\/\\\/ecolesteanne-sainteannedauray.fr\\\/index.php\\\/2026\\\/04\\\/28\\\/les-ce1-ce2-et-paques\\\/#primaryimage\"},\"image\":{\"@id\":\"https:\\\/\\\/ecolesteanne-sainteannedauray.fr\\\/index.php\\\/2026\\\/04\\\/28\\\/les-ce1-ce2-et-paques\\\/#primaryimage\"},\"thumbnailUrl\":\"https:\\\/\\\/ecolesteanne-sainteannedauray.fr\\\/wp-content\\\/uploads\\\/2026\\\/04\\\/Capture-decran-2026-04-16-213045.jpg\",\"datePublished\":\"2026-04-28T17:08:43+00:00\",\"dateModified\":\"2026-04-28T17:08:44+00:00\",\"breadcrumb\":{\"@id\":\"https:\\\/\\\/ecolesteanne-sainteannedauray.fr\\\/index.php\\\/2026\\\/04\\\/28\\\/les-ce1-ce2-et-paques\\\/#breadcrumb\"},\"inLanguage\":\"fr-FR\",\"potentialAction\":[{\"@type\":\"ReadAction\",\"target\":[\"https:\\\/\\\/ecolesteanne-sainteannedauray.fr\\\/index.php\\\/2026\\\/04\\\/28\\\/les-ce1-ce2-et-paques\\\/\"]}]},{\"@type\":\"ImageObject\",\"inLanguage\":\"fr-FR\",\"@id\":\"https:\\\/\\\/ecolesteanne-sainteannedauray.fr\\\/index.php\\\/2026\\\/04\\\/28\\\/les-ce1-ce2-et-paques\\\/#primaryimage\",\"url\":\"https:\\\/\\\/ecolesteanne-sainteannedauray.fr\\\/wp-content\\\/uploads\\\/2026\\\/04\\\/Capture-decran-2026-04-16-213045.jpg\",\"contentUrl\":\"https:\\\/\\\/ecolesteanne-sainteannedauray.fr\\\/wp-content\\\/uploads\\\/2026\\\/04\\\/Capture-decran-2026-04-16-213045.jpg\",\"width\":606,\"height\":700},{\"@type\":\"BreadcrumbList\",\"@id\":\"https:\\\/\\\/ecolesteanne-sainteannedauray.fr\\\/index.php\\\/2026\\\/04\\\/28\\\/les-ce1-ce2-et-paques\\\/#breadcrumb\",\"itemListElement\":[{\"@type\":\"ListItem\",\"position\":1,\"name\":\"Accueil\",\"item\":\"https:\\\/\\\/ecolesteanne-sainteannedauray.fr\\\/\"},{\"@type\":\"ListItem\",\"position\":2,\"name\":\"Les CE1\\\/CE2 et P\u00e2ques\"}]},{\"@type\":\"WebSite\",\"@id\":\"https:\\\/\\\/ecolesteanne-sainteannedauray.fr\\\/#website\",\"url\":\"https:\\\/\\\/ecolesteanne-sainteannedauray.fr\\\/\",\"name\":\"Ecole Sainte Anne d'Auray\",\"description\":\"\",\"publisher\":{\"@id\":\"https:\\\/\\\/ecolesteanne-sainteannedauray.fr\\\/#organization\"},\"potentialAction\":[{\"@type\":\"SearchAction\",\"target\":{\"@type\":\"EntryPoint\",\"urlTemplate\":\"https:\\\/\\\/ecolesteanne-sainteannedauray.fr\\\/?s={search_term_string}\"},\"query-input\":{\"@type\":\"PropertyValueSpecification\",\"valueRequired\":true,\"valueName\":\"search_term_string\"}}],\"inLanguage\":\"fr-FR\"},{\"@type\":\"Organization\",\"@id\":\"https:\\\/\\\/ecolesteanne-sainteannedauray.fr\\\/#organization\",\"name\":\"Ecole Sainte Anne d'Auray\",\"url\":\"https:\\\/\\\/ecolesteanne-sainteannedauray.fr\\\/\",\"logo\":{\"@type\":\"ImageObject\",\"inLanguage\":\"fr-FR\",\"@id\":\"https:\\\/\\\/ecolesteanne-sainteannedauray.fr\\\/#\\\/schema\\\/logo\\\/image\\\/\",\"url\":\"https:\\\/\\\/ecolesteanne-sainteannedauray.fr\\\/wp-content\\\/uploads\\\/2025\\\/06\\\/logo-en-tete.png\",\"contentUrl\":\"https:\\\/\\\/ecolesteanne-sainteannedauray.fr\\\/wp-content\\\/uploads\\\/2025\\\/06\\\/logo-en-tete.png\",\"width\":30,\"height\":30,\"caption\":\"Ecole Sainte Anne d'Auray\"},\"image\":{\"@id\":\"https:\\\/\\\/ecolesteanne-sainteannedauray.fr\\\/#\\\/schema\\\/logo\\\/image\\\/\"}},{\"@type\":\"Person\",\"@id\":\"https:\\\/\\\/ecolesteanne-sainteannedauray.fr\\\/#\\\/schema\\\/person\\\/ec8a5f89d57f958131cc327ef73de19d\",\"name\":\"Ste.Anne\",\"url\":\"https:\\\/\\\/ecolesteanne-sainteannedauray.fr\\\/index.php\\\/author\\\/ste-anne\\\/\"}]}<\/script>\n<!-- \/ Yoast SEO plugin. -->","yoast_head_json":{"title":"Les CE1\/CE2 et P\u00e2ques - Ecole Sainte Anne d&#039;Auray","robots":{"index":"index","follow":"follow","max-snippet":"max-snippet:-1","max-image-preview":"max-image-preview:large","max-video-preview":"max-video-preview:-1"},"canonical":"https:\/\/ecolesteanne-sainteannedauray.fr\/index.php\/2026\/04\/28\/les-ce1-ce2-et-paques\/","og_locale":"fr_FR","og_type":"article","og_title":"Les CE1\/CE2 et P\u00e2ques - Ecole Sainte Anne d&#039;Auray","og_description":"Pour se pr\u00e9parer \u00e0 P\u00e2ques, nous avons d\u00e9couvert les 14 stations du chemin de croix du cloitre puis particip\u00e9 ( la classe au grand complet!) au repas partage pour aider au mieux Emy. Enfin le jeudi de P\u00e2ques, nous avons rejoint toute l&rsquo;\u00e9cole pour une c\u00e9l\u00e9bration \u00e0 la Basilique.","og_url":"https:\/\/ecolesteanne-sainteannedauray.fr\/index.php\/2026\/04\/28\/les-ce1-ce2-et-paques\/","og_site_name":"Ecole Sainte Anne d&#039;Auray","article_published_time":"2026-04-28T17:08:43+00:00","article_modified_time":"2026-04-28T17:08:44+00:00","og_image":[{"width":606,"height":700,"url":"https:\/\/ecolesteanne-sainteannedauray.fr\/wp-content\/uploads\/2026\/04\/Capture-decran-2026-04-16-213045.jpg","type":"image\/jpeg"}],"author":"Ste.Anne","twitter_card":"summary_large_image","twitter_misc":{"\u00c9crit par":"Ste.Anne","Dur\u00e9e de lecture estim\u00e9e":"3 minutes"},"schema":{"@context":"https:\/\/schema.org","@graph":[{"@type":"Article","@id":"https:\/\/ecolesteanne-sainteannedauray.fr\/index.php\/2026\/04\/28\/les-ce1-ce2-et-paques\/#article","isPartOf":{"@id":"https:\/\/ecolesteanne-sainteannedauray.fr\/index.php\/2026\/04\/28\/les-ce1-ce2-et-paques\/"},"author":{"name":"Ste.Anne","@id":"https:\/\/ecolesteanne-sainteannedauray.fr\/#\/schema\/person\/ec8a5f89d57f958131cc327ef73de19d"},"headline":"Les CE1\/CE2 et P\u00e2ques","datePublished":"2026-04-28T17:08:43+00:00","dateModified":"2026-04-28T17:08:44+00:00","mainEntityOfPage":{"@id":"https:\/\/ecolesteanne-sainteannedauray.fr\/index.php\/2026\/04\/28\/les-ce1-ce2-et-paques\/"},"wordCount":58,"publisher":{"@id":"https:\/\/ecolesteanne-sainteannedauray.fr\/#organization"},"image":{"@id":"https:\/\/ecolesteanne-sainteannedauray.fr\/index.php\/2026\/04\/28\/les-ce1-ce2-et-paques\/#primaryimage"},"thumbnailUrl":"https:\/\/ecolesteanne-sainteannedauray.fr\/wp-content\/uploads\/2026\/04\/Capture-decran-2026-04-16-213045.jpg","articleSection":["CE1 - CE2","Les classes"],"inLanguage":"fr-FR"},{"@type":"WebPage","@id":"https:\/\/ecolesteanne-sainteannedauray.fr\/index.php\/2026\/04\/28\/les-ce1-ce2-et-paques\/","url":"https:\/\/ecolesteanne-sainteannedauray.fr\/index.php\/2026\/04\/28\/les-ce1-ce2-et-paques\/","name":"Les CE1\/CE2 et P\u00e2ques - Ecole Sainte Anne d&#039;Auray","isPartOf":{"@id":"https:\/\/ecolesteanne-sainteannedauray.fr\/#website"},"primaryImageOfPage":{"@id":"https:\/\/ecolesteanne-sainteannedauray.fr\/index.php\/2026\/04\/28\/les-ce1-ce2-et-paques\/#primaryimage"},"image":{"@id":"https:\/\/ecolesteanne-sainteannedauray.fr\/index.php\/2026\/04\/28\/les-ce1-ce2-et-paques\/#primaryimage"},"thumbnailUrl":"https:\/\/ecolesteanne-sainteannedauray.fr\/wp-content\/uploads\/2026\/04\/Capture-decran-2026-04-16-213045.jpg","datePublished":"2026-04-28T17:08:43+00:00","dateModified":"2026-04-28T17:08:44+00:00","breadcrumb":{"@id":"https:\/\/ecolesteanne-sainteannedauray.fr\/index.php\/2026\/04\/28\/les-ce1-ce2-et-paques\/#breadcrumb"},"inLanguage":"fr-FR","potentialAction":[{"@type":"ReadAction","target":["https:\/\/ecolesteanne-sainteannedauray.fr\/index.php\/2026\/04\/28\/les-ce1-ce2-et-paques\/"]}]},{"@type":"ImageObject","inLanguage":"fr-FR","@id":"https:\/\/ecolesteanne-sainteannedauray.fr\/index.php\/2026\/04\/28\/les-ce1-ce2-et-paques\/#primaryimage","url":"https:\/\/ecolesteanne-sainteannedauray.fr\/wp-content\/uploads\/2026\/04\/Capture-decran-2026-04-16-213045.jpg","contentUrl":"https:\/\/ecolesteanne-sainteannedauray.fr\/wp-content\/uploads\/2026\/04\/Capture-decran-2026-04-16-213045.jpg","width":606,"height":700},{"@type":"BreadcrumbList","@id":"https:\/\/ecolesteanne-sainteannedauray.fr\/index.php\/2026\/04\/28\/les-ce1-ce2-et-paques\/#breadcrumb","itemListElement":[{"@type":"ListItem","position":1,"name":"Accueil","item":"https:\/\/ecolesteanne-sainteannedauray.fr\/"},{"@type":"ListItem","position":2,"name":"Les CE1\/CE2 et P\u00e2ques"}]},{"@type":"WebSite","@id":"https:\/\/ecolesteanne-sainteannedauray.fr\/#website","url":"https:\/\/ecolesteanne-sainteannedauray.fr\/","name":"Ecole Sainte Anne d'Auray","description":"","publisher":{"@id":"https:\/\/ecolesteanne-sainteannedauray.fr\/#organization"},"potentialAction":[{"@type":"SearchAction","target":{"@type":"EntryPoint","urlTemplate":"https:\/\/ecolesteanne-sainteannedauray.fr\/?s={search_term_string}"},"query-input":{"@type":"PropertyValueSpecification","valueRequired":true,"valueName":"search_term_string"}}],"inLanguage":"fr-FR"},{"@type":"Organization","@id":"https:\/\/ecolesteanne-sainteannedauray.fr\/#organization","name":"Ecole Sainte Anne d'Auray","url":"https:\/\/ecolesteanne-sainteannedauray.fr\/","logo":{"@type":"ImageObject","inLanguage":"fr-FR","@id":"https:\/\/ecolesteanne-sainteannedauray.fr\/#\/schema\/logo\/image\/","url":"https:\/\/ecolesteanne-sainteannedauray.fr\/wp-content\/uploads\/2025\/06\/logo-en-tete.png","contentUrl":"https:\/\/ecolesteanne-sainteannedauray.fr\/wp-content\/uploads\/2025\/06\/logo-en-tete.png","width":30,"height":30,"caption":"Ecole Sainte Anne d'Auray"},"image":{"@id":"https:\/\/ecolesteanne-sainteannedauray.fr\/#\/schema\/logo\/image\/"}},{"@type":"Person","@id":"https:\/\/ecolesteanne-sainteannedauray.fr\/#\/schema\/person\/ec8a5f89d57f958131cc327ef73de19d","name":"Ste.Anne","url":"https:\/\/ecolesteanne-sainteannedauray.fr\/index.php\/author\/ste-anne\/"}]}},"_links":{"self":[{"href":"https:\/\/ecolesteanne-sainteannedauray.fr\/index.php\/wp-json\/wp\/v2\/posts\/3978","targetHints":{"allow":["GET"]}}],"collection":[{"href":"https:\/\/ecolesteanne-sainteannedauray.fr\/index.php\/wp-json\/wp\/v2\/posts"}],"about":[{"href":"https:\/\/ecolesteanne-sainteannedauray.fr\/index.php\/wp-json\/wp\/v2\/types\/post"}],"author":[{"embeddable":true,"href":"https:\/\/ecolesteanne-sainteannedauray.fr\/index.php\/wp-json\/wp\/v2\/users\/2"}],"replies":[{"embeddable":true,"href":"https:\/\/ecolesteanne-sainteannedauray.fr\/index.php\/wp-json\/wp\/v2\/comments?post=3978"}],"version-history":[{"count":1,"href":"https:\/\/ecolesteanne-sainteannedauray.fr\/index.php\/wp-json\/wp\/v2\/posts\/3978\/revisions"}],"predecessor-version":[{"id":3990,"href":"https:\/\/ecolesteanne-sainteannedauray.fr\/index.php\/wp-json\/wp\/v2\/posts\/3978\/revisions\/3990"}],"wp:attachment":[{"href":"https:\/\/ecolesteanne-sainteannedauray.fr\/index.php\/wp-json\/wp\/v2\/media?parent=3978"}],"wp:term":[{"taxonomy":"category","embeddable":true,"href":"https:\/\/ecolesteanne-sainteannedauray.fr\/index.php\/wp-json\/wp\/v2\/categories?post=3978"},{"taxonomy":"post_tag","embeddable":true,"href":"https:\/\/ecolesteanne-sainteannedauray.fr\/index.php\/wp-json\/wp\/v2\/tags?post=3978"}],"curies":[{"name":"wp","href":"https:\/\/api.w.org\/{rel}","templated":true}]}}